{"id":125,"date":"2016-01-19T11:33:17","date_gmt":"2016-01-19T11:33:17","guid":{"rendered":"https:\/\/siebentagefrei.de\/?p=125"},"modified":"2025-01-24T12:26:02","modified_gmt":"2025-01-24T12:26:02","slug":"7-tage-frei-2016","status":"publish","type":"post","link":"https:\/\/siebentagefrei.de\/index.php\/2016\/01\/19\/7-tage-frei-2016\/","title":{"rendered":"7 Tage frei 2016"},"content":{"rendered":"\n<h2 class=\"wp-block-heading\">7 Tage frei! erfolgreich beendet<\/h2>\n\n\n\n<p>Das Projekt &#8222;7 Tage frei!&#8220; in Wiehl wurde am 17.6. mit der R\u00fcckgabe der digitalen Medien erfolgreich beendet.<br>Insgesamt 361 Ha2elden haben rund 650 Ger\u00e4te abgegeben und daf\u00fcr das Angebot von 28 Vereinen, Institutionen und Kooperationspartnern genutzt, um die 7 Tage kreativ zu gestalten.<br>Die Banken konnten allein 178 Handys in ihren Tresoren einschlie\u00dfen, 91 Controler diverser Spielekonsolen und 64 Fernbedienungen.<br>Auch wenn sie keine eigenen digitalen Medien besitzen, so haben 74 Teilnehmer trotzdem auf die Nutzung von fremden Ger\u00e4ten verzichtet.<br>Die 5. Klassen des DBG Wiehl, welche in der Woche auf Klassenfahrt gefahren sind, waren sogar so mutig, w\u00e4hrend ihrer Klassenfahrt auf ihre digitalen Medien zu verzichten und haben die &#8222;7 Tage frei&#8220; um einige Tage verl\u00e4ngert, so dass sie erst am 22.6. ihre Ger\u00e4te abgeholt haben.<\/p>\n\n\n\n<p>Wir sind sehr \u00fcberrascht, \u00fcber die Vielzahl der abgegebenen Ger\u00e4te und so viel Mut!&nbsp;<br>Wir danken allen Teilnehmern, den Eltern und Geschwistern, den Schulen und Banken, sowie den Vereinen und allen weiteren Personen, die uns bei dem Projekt tatkr\u00e4ftig unterst\u00fctzt haben.<\/p>\n\n\n\n<p><br>Ihr seid spitze!<\/p>\n\n\n\n<h2 class=\"wp-block-heading\">Videos zur Auftaktveranstaltung<\/h2>\n\n\n\n<p>Auf dem <a href=\"https:\/\/www.youtube.com\/user\/wiehldetv\/videos\" target=\"_blank\" rel=\"noreferrer noopener\">Youtube-Chanel der Stadt Wiehl<\/a> finden Sie alle Videos zur Auftaktveranstaltung:<\/p>\n\n\n\n<p>Gru\u00dfwort des B\u00fcrgermeisters Werner Becker-Bloningen:<a href=\"https:\/\/www.youtube.com\/watch?v=c6LUR0tdEfg\" target=\"_blank\" rel=\"noreferrer noopener\"><br>https:\/\/www.youtube.com\/watch?v=c6LUR0tdEfg<\/a><\/p>\n\n\n\n<p>Die Initiatoren:<br><a href=\"https:\/\/www.youtube.com\/watch?v=JVuWp3qLqUg\" target=\"_blank\" rel=\"noreferrer noopener\">https:\/\/www.youtube.com\/watch?v=JVuWp3qLqUg<\/a><\/p>\n\n\n\n<p>Das Impulsreferat von Daniel Bangert:<br><a href=\"https:\/\/www.youtube.com\/watch?v=Ixj07pJuWaY\" target=\"_blank\" rel=\"noreferrer noopener\">https:\/\/www.youtube.com\/watch?v=Ixj07pJuWaY<\/a><\/p>\n\n\n\n<p>Das Impulsreferat von Dr. Karsten Wolf:<br><a href=\"https:\/\/www.youtube.com\/watch?v=-nqxzs82Yng\" target=\"_blank\" rel=\"noreferrer noopener\">https:\/\/www.youtube.com\/watch?v=-nqxzs82Yng<\/a><\/p>\n\n\n\n<p>Die Podiumsdiskusion Teil 1:<br><a href=\"https:\/\/www.youtube.com\/watch?v=1TwxfgD1Rrc\" target=\"_blank\" rel=\"noreferrer noopener\">https:\/\/www.youtube.com\/watch?v=1TwxfgD1Rrc<\/a><\/p>\n\n\n\n<p>Die Podiumsdiskusion Teil 2:<br><a href=\"https:\/\/www.youtube.com\/watch?v=Wi5ZzEjHu2k\" target=\"_blank\" rel=\"noreferrer noopener\">https:\/\/www.youtube.com\/watch?v=Wi5ZzEjHu2k<\/a><\/p>\n\n\n\n<h2 class=\"wp-block-heading\">Artikel von Oberberg aktuell zur Auiftaktveranstaltung am 29. Mai in der Wiehltalhalle<\/h2>\n\n\n\n<p><strong><a href=\"http:\/\/www.oberberg-aktuell.de\/index.php?id=70&amp;tx_ttnews%5Btt_news%5D=169023\" target=\"_blank\" rel=\"noreferrer noopener\">Klicken Sie hier auf den farblich unterlegten Text. Sie werden direkt auf dei Seite von Oberberg aktuell weitergeleitet.<\/a><\/strong><\/p>\n\n\n\n<h2 class=\"wp-block-heading\">Artikel der K\u00f6lnischen Rundschau zur Auftaktveranstaltung am 29. Mai in der Wiehltalhalle<\/h2>\n\n\n\n<p><a href=\"http:\/\/www.rundschau-online.de\/oberberg\/verzicht-auf-digitale-medien-ohne-handy--ohne-laptop--ohne-xbox--ohne-fernseher,15185498,30854936.html\" target=\"_blank\" rel=\"noreferrer noopener\"><strong>Klicken Sie hier auf den farblich unterlegten Text und sie werden direkt zur Seite der K\u00f6lnischen Rundschau weitergeleitet.<\/strong><\/a><\/p>\n\n\n\n<h2 class=\"wp-block-heading\">Bald geht es los<\/h2>\n\n\n\n<p>&#8222;7 Tage frei!&#8220; beginnt bald!<br>Die Anmeldungen in den Schulen sind verteilt und werden in den n\u00e4chsten Tagen eingesammelt.<br>Falls die Eltern oder Geschwister noch mitmachen m\u00f6chten, gibt es<a href=\"https:\/\/siebentagefrei.de\/copie\/index.php_id=103.html\"> hier den Anmeldebogen <\/a>( Geschwister einfach schriftlich vermerken).<br>Auch die Erwachsenen sind nat\u00fcrlich als Unterst\u00fctzer der Ha2elden herzlich eingeladen, ihre Kinder am 10.6. zu der Abgabe zu begleiten!<\/p>\n\n\n\n<p>Zudem k\u00f6nnt Ihr <a href=\"https:\/\/siebentagefrei.de\/copie\/index.php_id=76.html\">hier<\/a> einen exklusiven Einblick in den <a href=\"https:\/\/siebentagefrei.de\/copie\/index.php_id=76.html\">Spa\u00dfpass<\/a> bekommen!<br>Viele tolle und exklusive Angebote warten auf Euch! Jetzt schon anmelden und die besten Pl\u00e4tze sichern!<br><br><\/p>\n\n\n\n<h2 class=\"wp-block-heading\"><a href=\"http:\/\/www.wiehl.de\/leben\/vereine\/?id=222\">Die Wiehler Sozialstiftung<\/a><\/h2>\n\n\n\n<figure class=\"wp-block-image\"><a href=\"https:\/\/siebentagefrei.de\/copie\/index.php_eID=tx_cms_showpic&amp;file=430&amp;md5=8927ee37e699e8263defa0986171209ee17022ef&amp;parameters%5B0%5D=YTo0OntzOjU6IndpZHRoIjtzOjQ6IjgwMG0iO3M6NjoiaGVpZ2h0IjtzOjQ6IjYw&amp;parameters%5B1%5D=MG0iO3M6NzoiYm9keVRhZyI7czo0MToiPGJvZHkgc3R5bGU9Im1hcmdpb_88fdf6e34d66740e.html\"><img decoding=\"async\" src=\"https:\/\/siebentagefrei.de\/copie\/fileadmin\/_processed_\/csm_B-B_89_6_KB__300_dpi__661b_x_839_h_pixel_8a3d08b47a.jpg\" alt=\"\"\/><\/a><\/figure>\n\n\n\n<p><strong>Gru\u00dfwort zum Projekt \u201eSieben Tage frei\u201c &nbsp;<\/strong><br><br>Sieben Tage frei? Bedeutet das eine zus\u00e4tzliche Urlaubs- oder Ferienwoche? Nein, \u201eSieben Tage frei\u201c hei\u00dft in diesem Fall nicht, eine Woche von Arbeit oder Schule freigestellt zu sein.<br><br>Trotzdem kann es im \u00fcbertragenen Sinn eine Befreiung sein, denn hier geht es darum, vom 10.06. bis 17.06.2015 ganz oder teilweise ohne elektronische Medien auszukommen.<br><br>Dieses von der Wiehler Sozialstiftung in Kooperation mit Outdoor Oberberg e.V. initiierte Projekt m\u00f6chte den bewussten Umgang mit elektronischen Medien f\u00f6rdern. Der stetig ansteigende Medienkonsum ver\u00e4ndert unsere Gesellschaft und nimmt im Leben des Einzelnen einen immer gr\u00f6\u00dferen Stellenwert ein. Dabei sch\u00e4tzen wir die durch technischen Fortschritt erreichten Arbeitserleichterungen, schnellen Kommunikationswege und nicht zuletzt die Spiel und Spa\u00dfangebote.<br><br>Aber bestimmen wir bewusst und zielgerichtet den Einsatz der elektronischen Medien oder bestimmen diese unser Leben?<br><br>Eine gro\u00dfe Zahl Wiehler Sch\u00fclerinnen und Sch\u00fcler hat sich entschlossen dieser Frage auf den Grund zu gehen und f\u00fcr die Dauer von sieben Tagen zu testen, wie ein Leben ohne Smartphone, Tablet, Laptop, TV, Spielkonsole etc. aussieht. Dazu geh\u00f6rt schon etwas Mut, denn die heutige Sch\u00fclergeneration ist an den Umgang mit elektronischen Medien von klein auf gew\u00f6hnt.<br><br>Vereine, B\u00fccherei, Musikschule und viele andere Wiehler Institutionen beteiligen sich am Projekt, indem sie in der medienfreien Woche ein alternatives Programm in Form eines Spa\u00dfpasses anbieten.<br><br>Wenn Sie ebenfalls an \u201eanalogen Erfahrungen\u201c interessiert sind und auch selbst am Projekt teilnehmen m\u00f6chten, sind Sie herzlich dazu eingeladen.<br><br>Mit freundlichen Gr\u00fc\u00dfen<br><br>Werner Becker-Blonigen<br><br>B\u00fcrgermeister<\/p>\n","protected":false},"excerpt":{"rendered":"<p>7 Tage frei! erfolgreich beendet Das Projekt &#8222;7 Tage frei!&#8220; in Wiehl wurde am 17.6. mit der R\u00fcckgabe der digitalen Medien erfolgreich beendet.Insgesamt 361 Ha2elden haben rund 650 Ger\u00e4te abgegeben und daf\u00fcr das Angebot von 28 Vereinen, Institutionen und Kooperationspartnern genutzt, um die 7 Tage kreativ zu gestalten.Die Banken konnten allein 178 Handys in ihren &#8230; <\/p>\n<p class=\"read-more-container\"><a title=\"7 Tage frei 2016\" class=\"read-more button\" href=\"https:\/\/siebentagefrei.de\/index.php\/2016\/01\/19\/7-tage-frei-2016\/#more-125\" aria-label=\"Mehr Informationen \u00fcber 7 Tage frei 2016\">Weiterlesen &#8230;<\/a><\/p>\n","protected":false},"author":1,"featured_media":189,"comment_status":"closed","ping_status":"closed","sticky":false,"template":"","format":"standard","meta":{"footnotes":""},"categories":[1],"tags":[16,19,4,18,21,20],"class_list":["post-125","post","type-post","status-publish","format-standard","has-post-thumbnail","hentry","category-aktuelles","tag-7tagefrei","tag-digital","tag-handy","tag-medien","tag-pc","tag-tv","generate-columns","tablet-grid-50","mobile-grid-100","grid-parent","grid-50"],"_links":{"self":[{"href":"https:\/\/siebentagefrei.de\/index.php\/wp-json\/wp\/v2\/posts\/125","targetHints":{"allow":["GET"]}}],"collection":[{"href":"https:\/\/siebentagefrei.de\/index.php\/wp-json\/wp\/v2\/posts"}],"about":[{"href":"https:\/\/siebentagefrei.de\/index.php\/wp-json\/wp\/v2\/types\/post"}],"author":[{"embeddable":true,"href":"https:\/\/siebentagefrei.de\/index.php\/wp-json\/wp\/v2\/users\/1"}],"replies":[{"embeddable":true,"href":"https:\/\/siebentagefrei.de\/index.php\/wp-json\/wp\/v2\/comments?post=125"}],"version-history":[{"count":2,"href":"https:\/\/siebentagefrei.de\/index.php\/wp-json\/wp\/v2\/posts\/125\/revisions"}],"predecessor-version":[{"id":190,"href":"https:\/\/siebentagefrei.de\/index.php\/wp-json\/wp\/v2\/posts\/125\/revisions\/190"}],"wp:featuredmedia":[{"embeddable":true,"href":"https:\/\/siebentagefrei.de\/index.php\/wp-json\/wp\/v2\/media\/189"}],"wp:attachment":[{"href":"https:\/\/siebentagefrei.de\/index.php\/wp-json\/wp\/v2\/media?parent=125"}],"wp:term":[{"taxonomy":"category","embeddable":true,"href":"https:\/\/siebentagefrei.de\/index.php\/wp-json\/wp\/v2\/categories?post=125"},{"taxonomy":"post_tag","embeddable":true,"href":"https:\/\/siebentagefrei.de\/index.php\/wp-json\/wp\/v2\/tags?post=125"}],"curies":[{"name":"wp","href":"https:\/\/api.w.org\/{rel}","templated":true}]}}