{"id":122,"date":"2013-05-24T06:23:00","date_gmt":"2013-05-24T06:23:00","guid":{"rendered":"https:\/\/siebentagefrei.de\/?p=122"},"modified":"2025-01-24T12:27:41","modified_gmt":"2025-01-24T12:27:41","slug":"7-tage-frei-2013","status":"publish","type":"post","link":"https:\/\/siebentagefrei.de\/index.php\/2013\/05\/24\/7-tage-frei-2013\/","title":{"rendered":"7 Tage frei 2013"},"content":{"rendered":"\n<h2 class=\"wp-block-heading\">Lesen Sie hier mehr \u00fcber das Projekt an der Gemeinschaftsschule in Morsbach im Herbst 2013<\/h2>\n\n\n\n<h3 class=\"wp-block-heading\">ein chronologischer Bericht<\/h3>\n\n\n\n<p>Wir halten Sie auf diesen Seiten auf dem Laufenden \u00fcber das Projekt und stellen den Verlauf des Projekts mit den einzelnen Beitr\u00e4gen chronologisch dar. Das aktuellste ist stets zu oberst.<\/p>\n\n\n\n<p>Verfolgen Sie au\u00dferdem das Projekt und weitere News von Outdoor-Oberberg e.V. auf facebook.<\/p>\n\n\n\n<p><strong>Mai 2014<\/strong><\/p>\n\n\n\n<p><strong>Und nun eine ganze Stadt &#8230;<\/strong><\/p>\n\n\n\n<p>Nunja, fast. Wir haben die M\u00f6glichkeit erhalten, in der bergischen Stadt Wiehl das Projekt in gr\u00f6\u00dferem Rahmen zu gestalten. Alle Schulen der Stadt werden derzeit eingeladen, am Projekt teilzunehmen. Die Einladung erfolgt nat\u00fcrlich nicht nur an alle Sch\u00fclerinnen und Sch\u00fcler, sondern auch an alle Familien und Intetessierten. Wir sind gespannt.<\/p>\n\n\n\n<p><strong>Sommer 2014<\/strong><\/p>\n\n\n\n<p>Nach einem Treffen mit den Lehrkr\u00e4ften im Mai 2014 wurde ein Resumee gezogen. Auch wenn nat\u00fcrlich einige Kinder w\u00e4hrend der medienfreien Woche &#8222;geschummelt&#8220; haben und einige Kinder sich nicht beteiligen wollten, so war das Projekt in mehrerlei Hinsicht ein Erfolg:<\/p>\n\n\n\n<p>&#8211; Nachhaltigkeit: die Teilnehmer haben in diesen sieben medienfreien Tagen intensive Erfahrungen machen k\u00f6nnen, von denen sie teilweise Monate sp\u00e4ter noch berichteten.<\/p>\n\n\n\n<p>&#8211; um diesen Effekt nicht verpuffen zu lassen, soll die Aktion nun so gestaltet werden, dass sie von den zuk\u00fcnftigen sechsten Klassen durchgef\u00fchrt werden kann.<\/p>\n\n\n\n<p>&#8211; dazu bereiten jeweils jene Kinder Pr\u00e4sentationen mit den gemachten Erfahrungen ala Pr\u00e4sentation auf, die am Projekt &#8222;Sieben Tage frei&#8220; teilgenommen haben und laden so die n\u00e4chste Genreation zur Teilnahme ein.<\/p>\n\n\n\n<p><strong>Wir freuen uns, dass wir mit dem Pilotprojekt einen Grundstein f\u00fcr weitere Projekte in den sechsten Jahrg\u00e4ngen legen konnten.<\/strong><\/p>\n\n\n\n<h2 class=\"wp-block-heading\">Geschafft! Und jetzt geht es erst richtig los ..<\/h2>\n\n\n\n<p>ein Dankesch\u00f6n der Sch\u00fcler und Eltern an uns!<\/p>\n\n\n\n<p><img loading=\"lazy\" decoding=\"async\" height=\"225\" width=\"299\" src=\"https:\/\/siebentagefrei.de\/copie\/typo3temp\/_processed_\/csm_18ffb8e039_3c776e3f50.jpg\" alt=\"\"><\/p>\n\n\n\n<p><strong>16.10.2013<\/strong><\/p>\n\n\n\n<p>Heute Morgen erhielten alle Teilnehmer ihre Handys, Konsolen und Fernseher-, bzw. Computerkabel wieder heil zur\u00fcck. Unter gro\u00dfem medialen Aufgebot, alleine drei Fernsehsender (Sat1 NRW, ARD und ZDF Kika), sowie dem WDR Radio, Radio Berg, der K\u00f6lnischen Rudnschau und weiteren Medien wurden die Metallboxen au dem Tresorraum der bank geholt. Die Kinder waren sehr aufgeregt und freuten sich, ihre digitalen Ger\u00e4te wieder in H\u00e4nden zu halten.<\/p>\n\n\n\n<p>Im Anschluss an die R\u00fcckgabe begaben sich alle Teilnehmer mit Trainern des Outdoor Oberberg e.V. in den gro\u00dfen Sitzungssaal des Morsbacher Rathauses und begannen dort eine erste Reflexion zur zur\u00fcckgelegten Woche.<\/p>\n\n\n\n<p>Die Sch\u00fclerinnen und Sch\u00fcler erhielten den Auftrag, sich in den kommenden Tagen gut zu beobachten und darauf zu achten, wie sich ihr Verhalten im Alltag mit den wiedererlangten Medien gestaltet. In welcher Form erobern sich Handy und Co. die alten Lebensbereiche der Teilnehmer wieder? In einem n\u00e4chsten Schritt sollen die Kinder dann \u00fcberlegen, wo und wie sie konkret eigenes Verhalten und Alltag \u00e4ndern k\u00f6nnen.<\/p>\n\n\n\n<p>Am Ende der Reflexionseinheit wurde jedes Kind namentlich aufgerufen und erhielt eine eigene Urkunde als Erinnerung an die ereignisreiche Woche.<\/p>\n\n\n\n<p>Nach den Herbstferien wird Outdoor Oberberg e.V. die Sch\u00fclerinnen und Sch\u00fcler erneut besuchen und gemeinsam mit ihnen einen professionellen Youtube-Clip \u00fcber die bildschirmfreie Woche drehen. Hier sollen alle Beteiligten sehen, welcher Aufwand n\u00f6tig ist, um ein gut aussehendes Video, die man sonst oft und gerne im Internet ansieht, selbst zu drehen.<\/p>\n\n\n\n<p>Am Ende des Vormittages, als alle Kinder mit den Lehrern den Sitzungssaal in Richtung Schule verlassen hatten, lagen noch zwei Computer-, bzw. Fernsehkabel auf einem Tisch. Ein Sch\u00fcler hatte sie dort schlichtweg vergessen. Sie waren wohl nicht mehr so wichtig gewesen &#8230;<\/p>\n\n\n\n<h2 class=\"wp-block-heading\">Was die Presse \u00fcber das Projekt berichtet &#8230;<\/h2>\n\n\n\n<p>Lesen Sie hier, was die Presse im Zeitraum vom 9.10. bis 16.10.2013 \u00fcber unser Projekt &#8222;7 Tage frei&#8220; berichtet:<\/p>\n\n\n\n<p><strong>ZDF Kika<\/strong><\/p>\n\n\n\n<p>Nachrichtensendung LOGO am 9.10.2013 um 19.50 Uhr,zu finden auch in der Mediathek des ZDF<\/p>\n\n\n\n<p><a href=\"http:\/\/www.zdf.de\/ZDFmediathek#\/suche\/logo\" target=\"_blank\" rel=\"noreferrer noopener\">klicken Sie hier, um die externe Seite der ZDF Mediathek zu gelangen &#8230;<\/a><\/p>\n\n\n\n<p><strong>WDR online<\/strong><\/p>\n\n\n\n<p>Meldung vom 9.10.2013<\/p>\n\n\n\n<p><a href=\"http:\/\/www.wdr.de\/studio\/wuppertal\/nachrichten\/index.html#r7\" target=\"_blank\" rel=\"noreferrer noopener\">klicken Sie hier, um auf die entsprechende externe Seite zu gelangen &#8230;<\/a><\/p>\n\n\n\n<p><strong>Oberberg aktuell<\/strong><\/p>\n\n\n\n<p>Artikel vom 9.10.2013<\/p>\n\n\n\n<p><a href=\"http:\/\/www.oberberg-aktuell.de\/index.php?id=70&amp;tx_ttnews%5Btt_news%5D=150272&amp;cHash=0a8d073044\" target=\"_blank\" rel=\"noreferrer noopener\">klicken Sie hier, um auf die entsprechende externe <\/a><a href=\"http:\/\/www.oberberg-aktuell.de\/index.php?id=70&amp;tx_ttnews%5Btt_news%5D=150272&amp;cHash=0a8d073044\" target=\"_blank\" rel=\"noreferrer noopener\">Seite <\/a><a href=\"http:\/\/www.oberberg-aktuell.de\/index.php?id=70&amp;tx_ttnews%5Btt_news%5D=150272&amp;cHash=0a8d073044\" target=\"_blank\" rel=\"noreferrer noopener\">zu gelangen &#8230;<\/a><\/p>\n\n\n\n<p><strong>Radio Berg<\/strong><\/p>\n\n\n\n<p>Beitrag vom 9.10.2013<\/p>\n\n\n\n<p><a href=\"http:\/\/www.radioberg.de\/berg\/rb\/1093411\/programm\/am_nachmittag\" target=\"_blank\" rel=\"noreferrer noopener\">Klicken Sie hier, um auf die entsprechende externe <\/a><a href=\"http:\/\/www.radioberg.de\/berg\/rb\/1093411\/programm\/am_nachmittag\" target=\"_blank\" rel=\"noreferrer noopener\">Seite zu<\/a><a href=\"http:\/\/www.radioberg.de\/berg\/rb\/1093411\/programm\/am_nachmittag\" target=\"_blank\" rel=\"noreferrer noopener\"> gelangen &#8230;<\/a><\/p>\n\n\n\n<h2 class=\"wp-block-heading\">erfolgreicher Auftakt!<\/h2>\n\n\n\n<p><strong>09.10.2013<\/strong><\/p>\n\n\n\n<p>Mit einem vulminanten Start begann heute Morgen um 8.30 Uhr das Projekt &#8222;7 Tage frei&#8220;. Nachdem sich alle drei sechsten Klassen der gemeinschaftsschule Morsbach vor der Volksbank-Filiale einfanden, gab es erst einmal eine kurze Begr\u00fc\u00dfung durch die Organisatoren des Outdoor Oberberg e.V.<\/p>\n\n\n\n<p>Im Hintergrund die Vertreter der Presse, sowie verschiedener Radio- und Fernsehsender.<\/p>\n\n\n\n<figure class=\"wp-block-image\"><img decoding=\"async\" src=\"https:\/\/siebentagefrei.de\/copie\/uploads\/e44595210f.jpg\" alt=\"\"\/><\/figure>\n\n\n\n<figure class=\"wp-block-image\"><img decoding=\"async\" src=\"https:\/\/siebentagefrei.de\/copie\/uploads\/e70eeef03b.jpg\" alt=\"\"\/><\/figure>\n\n\n\n<p>Anschlie\u00dfend gaben die Sch\u00fclerinnen und Sch\u00fcler ihre digitalen Medien ab. Diese wurden in nummerierten Metallboxen deponiert und versiegelt. Der Inhalt wurde auf einem Formblatt erfasst und mit einem Durchschlag f\u00fcr die Teilnehmer quittiert.<\/p>\n\n\n\n<p>Dann wurden die Metallboxen mitdem wertvollen Inhalt im Tresorraum der Bank deponiert. Sieben Tage lang werden sie nun dort lagern.<\/p>\n\n\n\n<p>Am Mittwoch, 16.10.2013 um 8.30 Uhr werden die Sch\u00fclerinnen und Sch\u00fcler wieder zur Bank kommen und die Metallboxen mit den digitalen Medien zur\u00fcck erhalten.<\/p>\n\n\n\n<p>In der Zwischenzeit erleben die Teilnehmer eine Mischung aus analogem Alltag und verschiedenen Angeboten rund um alternative Aktivit\u00e4ten.<\/p>\n\n\n\n<figure class=\"wp-block-image\"><img decoding=\"async\" src=\"https:\/\/siebentagefrei.de\/copie\/uploads\/66684e5016.jpg\" alt=\"\"\/><\/figure>\n\n\n\n<h2 class=\"wp-block-heading\">Countdown l\u00e4uft &#8230;<\/h2>\n\n\n\n<p><strong>02.10.2013<\/strong><\/p>\n\n\n\n<p>In genau einer Woche geht es los. Der Zeitplan f\u00fcr den 9.10. steht, die Woche ist ebenfalls gut geplant.<\/p>\n\n\n\n<p>Behalten die Sch\u00fclerinnen und Sch\u00fcler die Nerven? Das ist die spannende Frage.<\/p>\n\n\n\n<p>Mittlerweile melden sich weitere Medienvertreter an, um am Mittwoch und in der Woche dabei zu sein.<\/p>\n\n\n\n<p>Und auch im Nachgang des Projekts gibt es \u00fcber die Landesanstalt f\u00fcr Medien NRW noch ein Interview \u00fcber die Auswertung.<\/p>\n\n\n\n<p>Und wir haben die Drehgenehmigung f\u00fcr einen ganz speziellen Ort erhalten f\u00fcr ein Videoprojekt nach den Herbstferien &#8230; Mehr dazu sp\u00e4ter.<\/p>\n\n\n\n<figure class=\"wp-block-image\"><a href=\"http:\/\/www.lfm-nrw.de\/\" target=\"_blank\" rel=\"noreferrer noopener\"><img decoding=\"async\" src=\"https:\/\/siebentagefrei.de\/copie\/uploads\/26bb862a50.jpg\" alt=\"\"\/><\/a><\/figure>\n\n\n\n<h2 class=\"wp-block-heading\">Landesanstalt f\u00fcr Medien unetrst\u00fctzt nun offiziell das Projekt<\/h2>\n\n\n\n<p><strong>23.09.2013<\/strong><\/p>\n\n\n\n<p>Demn\u00e4chst finden Sie auch auf den Seiten der Landesanstalt f\u00fcr Medien NRW Berichte \u00fcber das Projekt. Die LfM NRW unterst\u00fctzt das Projekt zudem als Netzwerkpartner. Wir freuen uns sehr dar\u00fcber, denn wir w\u00fcnschen uns mit dem Projekt auch einen offenen Diskurs \u00fcber den Einfluss digitaler Medien auf unser modernes Leben.<\/p>\n\n\n\n<figure class=\"wp-block-image\"><img decoding=\"async\" src=\"https:\/\/siebentagefrei.de\/copie\/uploads\/d328e10645.jpg\" alt=\"\"\/><\/figure>\n\n\n\n<h2 class=\"wp-block-heading\">Sylvia L\u00f6hrmann unterst\u00fctzt das Projekt ausdr\u00fccklich<\/h2>\n\n\n\n<p><strong>13.09.2013<\/strong><\/p>\n\n\n\n<p>Die Stellvertreterin der Ministerpr\u00e4sidentin NRW und Ministerin f\u00fcr Schule und Weiterbildung, Sylvia L\u00f6hrmann, unterst\u00fctzt das Projekt &#8222;7 Tage frei!&#8220; ausdr\u00fccklich.<br><br>Und das freut uns nat\u00fcrlich sehr. Bei ihrem Besuch der Gemeinschaftsschule Morsbach und der Einweihung des &#8222;Campus Morsbach&#8220; erw\u00e4hnte sie in ihrer Rede auch das Projekt und besuchte im Anschluss eine der drei sechsten Klassen, um sich vor Ort bei Sch\u00fclern und Lehrern weiter dar\u00fcber zu informieren. Dabei haben wir ihr eine Outdoor-Oberberg-Mappe mit Information rund um das Projekt &#8222;7 Tage frei!&#8220; \u00fcbergeben.<\/p>\n\n\n\n<p>Zwar kann sie auf Grund der lokalen Begrenzung des Projekts keine Schirmherrschaft \u00fcbernehmen, aber sie findet das Projekt insofern bemerkenswert, als sich nicht nur die Sch\u00fclerinnen und Sch\u00fcler zur Teilnahme bereit erkl\u00e4ren, sondern auch die Klassenlehrer und etliche Eltern und Familien.<\/p>\n\n\n\n<p>auf dem Bild v.l.n.r.: Sylvia L\u00f6hrmann, Sven Schuh, Carina Stefes (Lehrerin der Klasse, Kollege Tom Willkomm betreute gerade die Klasse)<\/p>\n\n\n\n<h2 class=\"wp-block-heading\">Radio Berg begleitet die gesamte Woche<\/h2>\n\n\n\n<p><strong>06.09.2013<\/strong><\/p>\n\n\n\n<p>Radio Berg wird zwei Familien \u00fcber die Woche begleiten und \u00fcber ihre guten und schlechten Zeiten berichten. dabei d\u00fcrfen auch kritische Stimmen zu Wort kommen und Schwierigkeiten bei der Umnsetzung des projekts im Alltag beleuchtet werden.<\/p>\n\n\n\n<p>Spannend! Wir sind schon sehr gespannt.<\/p>\n\n\n\n<h2 class=\"wp-block-heading\">SAT 1 mit Berichterstattung auch dabei!<\/h2>\n\n\n\n<p><strong>05.09.2013<\/strong><\/p>\n\n\n\n<p>Wir freuen uns, dass auch SAT 1 mit Berichten dabei sein m\u00f6chte. Vor allem der Umstand, dass die Kinder nicht nur ihr Handy, sondern alle wesentlichen Bildschirmmedien abgeben, erregt starkes Interesse.<\/p>\n\n\n\n<h2 class=\"wp-block-heading\"><a href=\"http:\/\/www.rundschau-online.de\/oberberg\/outdoor-oberberg-nicht-ohne-mein-handy---oder-doch-,15185498,24213648.html\" target=\"_blank\" rel=\"noreferrer noopener\">K\u00f6lnische Rundschau mit ausf\u00fchrlichem ersten Artikel<\/a><\/h2>\n\n\n\n<p><strong>04.09.2013<\/strong><\/p>\n\n\n\n<p>Wir freuen uns, dass die K\u00f6lnische Rundschau nicht nur \u00fcber das Projekt berichten wird, sondern die Teilnehmer w\u00e4hrend der Woche auch begleiten wird.<\/p>\n\n\n\n<p><a href=\"http:\/\/www.rundschau-online.de\/oberberg\/outdoor-oberberg-nicht-ohne-mein-handy---oder-doch-,15185498,24213648.html\" target=\"_blank\" rel=\"noreferrer noopener\">Ein erster Artikel kann hier gelesen werden&#8230;<\/a><\/p>\n\n\n\n<h2 class=\"wp-block-heading\">pl\u00f6tzlicher Tod von Konrektor Micha Arlt und neuer Projekt-Termin<\/h2>\n\n\n\n<p><strong>03.09.2013<\/strong><\/p>\n\n\n\n<p>V\u00f6llig \u00fcberraschend kam f\u00fcr alle der tragische Tod von Micha Arlt, dem Konrektor der Gemeinschaftsschule Morsbach.<\/p>\n\n\n\n<p>Tief betroffen und geschockt mussten das Lehrerkollegium und auch das Team von Outdoor-Oberberg mit diesem Schicksalsschlag umgehen und sich in den Alltag zur\u00fcck k\u00e4mpfen.<\/p>\n\n\n\n<p>Aus diesem Grund wurde in der ersten Schulwoche nach den Sommerferien NRW gemeinsam von Kollegium und Outdoor-Oberberg beschlossen, das Projekt zu verschieben auf den 9. bis 16.10.2013.<\/p>\n\n\n\n<h2 class=\"wp-block-heading\">Tim Bendzko wird &#8222;programmiert&#8220;<\/h2>\n\n\n\n<p><strong>09.08.2013<\/strong><\/p>\n\n\n\n<p>Presseinformationen sind raus, Tim Bendzko ist angeschrieben. Er bringt am 16.8. seine neue Single &#8222;Programmiert&#8220; raus, ein Lied, das genau das ausdr\u00fcckt, was uns mit dem Projekt bewegt. Wir sind gespannt auf die Reaktion.<\/p>\n\n\n\n<h3 class=\"wp-block-heading\">22.07.2013<\/h3>\n\n\n\n<p><strong>Nun geht es in R<\/strong><strong>iesenschritten weiter<\/strong><\/p>\n\n\n\n<p>Nachdem wir die Lehrer, Sch\u00fcler und auch Eltern f\u00fcr das Projekt gewinnen konnten, geht es in den n\u00e4chsten Wochen stark an die \u00d6ffentlichkeitsarbeit.<\/p>\n\n\n\n<p>Schirmherren werden angefragt, wobei noch nicht verraten wird, wen wir am Ende haben werden. Nur so viel: sie sollen sowohl aus politik als auch aus den Medien, bzw. Kultur kommen. Wir sind gespannt.<\/p>\n\n\n\n<h3 class=\"wp-block-heading\">19.07.2013<\/h3>\n\n\n\n<p><strong>Ferienbeginn<\/strong><\/p>\n\n\n\n<p>Um die Zustimmung der SuS nicht \u00fcber die Ferien wieder in Skepsis umwandeln zu lassen, haben wir in der Woche vor den Ferien einen Selbstverpflichtungsbogen in die Klassen gegeben, mit der Bitte um Unterschrift f\u00fcr die verbindliche Teilnahme nach den Ferien. Eine gute Entscheidung, wie sich gezeigt hat, denn&nbsp;in den Klassen kamen nat\u00fcrlich wieder \u00c4ngste und Zweifel dar\u00fcber auf, ob das Projekt \u00fcberhaupt durchhaltbar ist. Dies zeigt uns, dass die Kinder<\/p>\n\n\n\n<p>a) \u00fcber das Projekt und seine Konsequenzen gut aufgekl\u00e4rt wurden durch die Lehrer und uns, und<\/p>\n\n\n\n<p>b) das Projekt sehr ernst nehmen.<\/p>\n\n\n\n<p>Die unterschriebenen B\u00f6gen sind mittlerweile wieder bei uns gelandet. Resultat:<\/p>\n\n\n\n<p>eine Klasse: 21 Kinder, davon 17 mit Ja!, 2 mit Nein!, 2 krank<\/p>\n\n\n\n<p>eine Klasse: 23 Kinder, davon 20 mit Ja!, 1 mit Nein!, 2 krank<\/p>\n\n\n\n<p>eine Klasse: 25 Kinder, davon 21 mit Ja!, 4 mit Nein!<\/p>\n\n\n\n<p>Wir finden, das ist ein tolles Ergebnis!<\/p>\n\n\n\n<p><br>Mit ihrer Unterschrift in der Hand k\u00f6nnen wir die kinder nach den Ferien besser motivieren, sich auf die Woche einzulassen.<\/p>\n\n\n\n<p><a href=\"http:\/\/outdoor-oberberg.de\/index.php?id=457#c1307\" target=\"_blank\" rel=\"noreferrer noopener\"><br><\/a><\/p>\n\n\n\n<h3 class=\"wp-block-heading\">09.07.2013<\/h3>\n\n\n\n<p><strong>Elternabend<\/strong><\/p>\n\n\n\n<p>Um nach den Lehrern und Sch\u00fclern die Eltern ins Boot zu holen, haben wir mit den Lehrern zu einem Elternabend eingeladen.<\/p>\n\n\n\n<p>Der Abend war gut besucht. Zusammen mit Manfred Hein-D\u00fcrr, unserem Familientherapeuten, stellten wir uns und das Projekt den Eltern vor und beschrieben exemplarisch den m\u00f6glichen Ablauf der medienfreien Woche.<\/p>\n\n\n\n<p>Wir hatten im Vorfeld auf eine Flut von Fragen und Einw\u00e4nden eingestellt. Unterm Strich kamen drei Fragen aus den Reihen der Eltern, die allesamt organisatorischer Natur waren. Eine Mutter fragte, wie es denn w\u00e4re, wenn in der Familie nicht alle mitmachen wollten. In ihrer Familie w\u00fcrde sie zwar daf\u00fcr sorgen, dass alle mitmachten, aber ihr Mann habe, als er von dem Projekt im Elternbrief gelesen habe w\u00fctend gemeint, dass das f\u00fcr ihn nicht in Frage komme. Er wolle auf sein Fernsehen nicht verzichten. Sie habe sich mit ihrem Mann geeinigt, dass er den Fernseher in einem Raum im Keller in dieser Zeit benutzen k\u00f6nne. Die L\u00f6sung wurde hier also schon gefunden: die Familie macht mit, der Vater geht zum Fernsehen eben in den Keller.<\/p>\n\n\n\n<p>Es zeigte sich an dem Elternabend, dass die Eltern sich innerlich bereits auf das Projekt eingestellt haben und es gut finden. So gab es denn auch weniger das Bed\u00fcrfnis zu fragen, als vielmehr einander mitzuteilen, wie sehr digitale Medien den Familienalltag mittlerweile beeintr\u00e4chtigten, etwa, wenn die 15j\u00e4hrige tochter IPad und Handy beim gemeinsamen Essen neben sich auf dem Tisch liegen haben muss und diese alle 20 Sekunden vibrierend den Eingang einer lebenswichtigen Nachricht melden.<\/p>\n\n\n\n<p>Hier merkten wir, dass das Projekt am Wochenende f\u00fcr die Familien eine besondere Herausforderung werden kann und wir hierauf besonders gut eingehen m\u00fcssen.<\/p>\n\n\n\n<p>Der Abend war insofern erfolgreich, als die letzten Zweifel und \u00c4ngste der Eltern genommen werden konnten und diese streckenweise sogar sagten, dass sie sich auf diese Woche freuten.<\/p>\n\n\n\n<h3 class=\"wp-block-heading\">14.06.2013<\/h3>\n\n\n\n<p><strong>Helden gesucht &#8211; unser Besuch in den Klassen<\/strong><\/p>\n\n\n\n<p>Nachdem wir die Lehrer der Klassen f\u00fcr das Projekt gewinnen konnten, besuchten wir am 14.06. die Schulklassen vor Ort und warben bei den Sch\u00fclerinnen und Sch\u00fclern f\u00fcr das Projekt.<\/p>\n\n\n\n<p>Zun\u00e4chst fragten wir in jeder Klasse ab, wie oft sie in der vergangenen Woche das Handy benutzt haben, bzw. wie viel Zeit sie vor Fernseher, Computer und Konsole verbracht haben. Die Angeben wurde an der Tafel gesammelt und der Klasse visualisiert.<\/p>\n\n\n\n<p>Dann stellten wir das Projekt als Heldenreise vor, kl\u00e4rten \u00fcber Chancen aber auch die Risiken auf und beantworteten die Fragen der Kinder.<\/p>\n\n\n\n<p><br>Zum Schluss wurden die Sch\u00fclerinnen und Sch\u00fcler aufgefordert, an der Tafel entweder auf der einen Seite unter dem Feld &#8222;ich bin nicht dabei, weil &#8230;&#8220; oder der anderen Seite &#8222;ich bin dabei, weil &#8230;&#8220;zu unterschreiben. Interessant waren die Begr\u00fcndungen auf beiden Seiten. So schrieben manche Kinder auf der Seite &#8222;ich bin dabei, weil &#8230;&#8220;, sie wollen es einfach wissen, ob sie es ohne schaffen. Auf der Seite &#8222;ich nicht dabei, weil &#8230;&#8220; schrieb ein Sch\u00fcler zum Beispiel, dass er seinen VIP-Status in einem online -Spiel nicht verlieren will.<\/p>\n\n\n\n<p>Der Besuch war aufschlussreich und ermutigend.<\/p>\n\n\n\n<h3 class=\"wp-block-heading\">05. + 06.06.2013<\/h3>\n\n\n\n<p><strong>Erst einmal die Lehrer gewinnen &#8230;<\/strong><\/p>\n\n\n\n<p>Im Rahmen einer mehrt\u00e4gigen Klassenfahrt mit den potentiellen Teilnehmer-Klassen, die Outdoor-Oberberg e.V. erlebnisp\u00e4dagogisch begleitete, informierten wir die Lehrkr\u00e4fte zum ersten Mal \u00fcber die Idee des Projekts.<\/p>\n\n\n\n<p>Wir waren \u00fcberrascht, wie positiv die Idee bei den Lehrerinnen und Lehrern ankam.<\/p>\n\n\n\n<p>Bereits eine Woche nach dem Informationsgespr\u00e4ch hatten wir von allen Lehrkr\u00e4ften das OK, in die jeweilige Klasse zu kommen, um in einem n\u00e4chtsten Schritt die Kinder \u00fcber das Projekt zu informieren und sie zur Teilnahme einzuladen.<\/p>\n","protected":false},"excerpt":{"rendered":"<p>Lesen Sie hier mehr \u00fcber das Projekt an der Gemeinschaftsschule in Morsbach im Herbst 2013 ein chronologischer Bericht Wir halten Sie auf diesen Seiten auf dem Laufenden \u00fcber das Projekt und stellen den Verlauf des Projekts mit den einzelnen Beitr\u00e4gen chronologisch dar. Das aktuellste ist stets zu oberst. Verfolgen Sie au\u00dferdem das Projekt und weitere &#8230; <\/p>\n<p class=\"read-more-container\"><a title=\"7 Tage frei 2013\" class=\"read-more button\" href=\"https:\/\/siebentagefrei.de\/index.php\/2013\/05\/24\/7-tage-frei-2013\/#more-122\" aria-label=\"Mehr Informationen \u00fcber 7 Tage frei 2013\">Weiterlesen &#8230;<\/a><\/p>\n","protected":false},"author":1,"featured_media":192,"comment_status":"closed","ping_status":"closed","sticky":false,"template":"","format":"standard","meta":{"footnotes":""},"categories":[1],"tags":[16,27,18,26,21,22,20,25],"class_list":["post-122","post","type-post","status-publish","format-standard","has-post-thumbnail","hentry","category-aktuelles","tag-7tagefrei","tag-elw-institut","tag-medien","tag-oberberg","tag-pc","tag-tablet","tag-tv","tag-wiehl","generate-columns","tablet-grid-50","mobile-grid-100","grid-parent","grid-50"],"_links":{"self":[{"href":"https:\/\/siebentagefrei.de\/index.php\/wp-json\/wp\/v2\/posts\/122","targetHints":{"allow":["GET"]}}],"collection":[{"href":"https:\/\/siebentagefrei.de\/index.php\/wp-json\/wp\/v2\/posts"}],"about":[{"href":"https:\/\/siebentagefrei.de\/index.php\/wp-json\/wp\/v2\/types\/post"}],"author":[{"embeddable":true,"href":"https:\/\/siebentagefrei.de\/index.php\/wp-json\/wp\/v2\/users\/1"}],"replies":[{"embeddable":true,"href":"https:\/\/siebentagefrei.de\/index.php\/wp-json\/wp\/v2\/comments?post=122"}],"version-history":[{"count":2,"href":"https:\/\/siebentagefrei.de\/index.php\/wp-json\/wp\/v2\/posts\/122\/revisions"}],"predecessor-version":[{"id":124,"href":"https:\/\/siebentagefrei.de\/index.php\/wp-json\/wp\/v2\/posts\/122\/revisions\/124"}],"wp:featuredmedia":[{"embeddable":true,"href":"https:\/\/siebentagefrei.de\/index.php\/wp-json\/wp\/v2\/media\/192"}],"wp:attachment":[{"href":"https:\/\/siebentagefrei.de\/index.php\/wp-json\/wp\/v2\/media?parent=122"}],"wp:term":[{"taxonomy":"category","embeddable":true,"href":"https:\/\/siebentagefrei.de\/index.php\/wp-json\/wp\/v2\/categories?post=122"},{"taxonomy":"post_tag","embeddable":true,"href":"https:\/\/siebentagefrei.de\/index.php\/wp-json\/wp\/v2\/tags?post=122"}],"curies":[{"name":"wp","href":"https:\/\/api.w.org\/{rel}","templated":true}]}}